{"id":130,"date":"2025-06-24T11:40:11","date_gmt":"2025-06-24T09:40:11","guid":{"rendered":"https:\/\/www.domis.com\/blog\/?p=130"},"modified":"2025-06-24T15:25:51","modified_gmt":"2025-06-24T13:25:51","slug":"immobilier-2024-2025-la-reprise-sinstalle-portee-par-les-primo-accedants","status":"publish","type":"post","link":"https:\/\/www.domis.com\/blog\/index.php\/2025\/06\/24\/immobilier-2024-2025-la-reprise-sinstalle-portee-par-les-primo-accedants\/","title":{"rendered":"Immobilier : 2025, la reprise s\u2019installe&#8230; port\u00e9e par les primo-acc\u00e9dants !\u00a0"},"content":{"rendered":"\n<p>Apr\u00e8s une ann\u00e9e 2023 difficile, le march\u00e9 immobilier a amorc\u00e9 un <strong>redressement progressif d\u00e8s 2024<\/strong>, confirm\u00e9 en 2025. Si la dynamique reste encore contrast\u00e9e selon les segments, une chose est s\u00fbre : <strong>le r\u00f4le des primo-acc\u00e9dants n\u2019a jamais \u00e9t\u00e9 aussi crucial<\/strong>. En b\u00e9n\u00e9ficiant de nouvelles aides et de conditions d\u2019acc\u00e8s au cr\u00e9dit plus favorables, ils apparaissent aujourd\u2019hui comme les <strong>acteurs cl\u00e9s d\u2019un march\u00e9 qui retrouve des couleurs<\/strong>.&nbsp;<\/p>\n\n\n\n<figure class=\"wp-block-image size-large\"><img loading=\"lazy\" decoding=\"async\" width=\"1024\" height=\"576\" src=\"https:\/\/www.domis.com\/blog\/wp-content\/uploads\/2025\/06\/1-1-1024x576.png\" alt=\"\" class=\"wp-image-134\" srcset=\"https:\/\/www.domis.com\/blog\/wp-content\/uploads\/2025\/06\/1-1-1024x576.png 1024w, https:\/\/www.domis.com\/blog\/wp-content\/uploads\/2025\/06\/1-1-300x169.png 300w, https:\/\/www.domis.com\/blog\/wp-content\/uploads\/2025\/06\/1-1-768x432.png 768w, https:\/\/www.domis.com\/blog\/wp-content\/uploads\/2025\/06\/1-1-1536x864.png 1536w, https:\/\/www.domis.com\/blog\/wp-content\/uploads\/2025\/06\/1-1.png 1920w\" sizes=\"auto, (max-width: 1024px) 100vw, 1024px\" \/><\/figure>\n\n\n\n<h2 class=\"wp-block-heading\"><strong>2024 : une ann\u00e9e charni\u00e8re<\/strong>&nbsp;<\/h2>\n\n\n\n<p>L\u2019ann\u00e9e 2024 a marqu\u00e9 un <strong>point de bascule<\/strong> pour l\u2019immobilier en France, et en particulier \u00e0 Montpellier :&nbsp;<\/p>\n\n\n\n<ul class=\"wp-block-list\">\n<li>Les <strong>taux de cr\u00e9dit ont commenc\u00e9 \u00e0 baisser lentement<\/strong>, redonnant un peu d\u2019air aux acheteurs.\u00a0<\/li>\n<\/ul>\n\n\n\n<ul class=\"wp-block-list\">\n<li>La correction des prix dans l\u2019ancien a permis de <strong>r\u00e9\u00e9quilibrer le rapport entre offre et demande<\/strong>.\u00a0<\/li>\n<\/ul>\n\n\n\n<ul class=\"wp-block-list\">\n<li>Les primo-acc\u00e9dants ont fait leur retour, dop\u00e9s par un contexte plus incitatif.\u00a0<\/li>\n<\/ul>\n\n\n\n<p>R\u00e9sultat : les <strong>volumes de vente sont repartis \u00e0 la hausse d\u00e8s le printemps 2024<\/strong>, notamment dans les grandes m\u00e9tropoles attractives comme <strong>Montpellier<\/strong>.&nbsp;<\/p>\n\n\n\n<h2 class=\"wp-block-heading\"><strong>2025 : la dynamique s\u2019installe<\/strong>&nbsp;<\/h2>\n\n\n\n<p>En 2025, la tendance se confirme : les <strong>primo-acc\u00e9dants p\u00e8sent de plus en plus dans les transactions<\/strong>. Et pour cause, plusieurs dispositifs majeurs sont venus renforcer leur pouvoir d\u2019achat :&nbsp;<\/p>\n\n\n\n<h2 class=\"wp-block-heading\"><strong><em>&nbsp;Les nouvelles aides \u00e0 l\u2019achat en 2025 :<\/em><\/strong>&nbsp;<\/h2>\n\n\n\n<ul class=\"wp-block-list\">\n<li><strong>PTZ \u00e9largi (Pr\u00eat \u00e0 Taux Z\u00e9ro)<\/strong> :\u00a0<\/li>\n<\/ul>\n\n\n\n<ul class=\"wp-block-list\">\n<li>\u00c9tendu \u00e0 <strong>tous les logements neufs<\/strong>, partout en France, depuis avril 2025.\u00a0<\/li>\n<\/ul>\n\n\n\n<ul class=\"wp-block-list\">\n<li>Peut financer jusqu\u2019\u00e0 <strong>50 % du co\u00fbt total<\/strong> de l\u2019op\u00e9ration, sans int\u00e9r\u00eat.\u00a0<\/li>\n<\/ul>\n\n\n\n<ul class=\"wp-block-list\">\n<li>Accessible sous conditions de ressources.\u00a0<\/li>\n<\/ul>\n\n\n\n<ul class=\"wp-block-list\">\n<li><strong>Exon\u00e9rations fiscales avantageuses<\/strong> :\u00a0<\/li>\n<\/ul>\n\n\n\n<ul class=\"wp-block-list\">\n<li>Jusqu\u2019\u00e0 <strong>300 000 \u20ac de donation exon\u00e9r\u00e9e<\/strong> pour l\u2019achat d\u2019un bien immobilier neuf (par des parents ou grands-parents). Cette exon\u00e9ration sur les donations familiales s\u2019applique uniquement aux sommes vers\u00e9es jusqu\u2019au <strong>31 d\u00e9cembre 2026<\/strong>. (cf article 2)\u00a0<\/li>\n<\/ul>\n\n\n\n<ul class=\"wp-block-list\">\n<li>Certaines villes proposent aussi <strong>une exon\u00e9ration temporaire de taxe fonci\u00e8re<\/strong> pour les primo-acc\u00e9dants.\u00a0<\/li>\n<\/ul>\n\n\n\n<ul class=\"wp-block-list\">\n<li><strong>Aides locales<\/strong> :\u00a0<\/li>\n<\/ul>\n\n\n\n<ul class=\"wp-block-list\">\n<li>\u00c0 Montpellier et dans la m\u00e9tropole, des subventions ou pr\u00eats \u00e0 taux bonifi\u00e9s peuvent s\u2019ajouter aux dispositifs nationaux.\u00a0<\/li>\n<\/ul>\n\n\n\n<h2 class=\"wp-block-heading\"><strong>&nbsp;Pourquoi acheter dans le neuf en tant que primo-acc\u00e9dant ?<\/strong>&nbsp;<\/h2>\n\n\n\n<p>Le neuf reste une <strong>valeur refuge<\/strong> pour un premier achat :&nbsp;<\/p>\n\n\n\n<ul class=\"wp-block-list\">\n<li>Frais de notaire r\u00e9duits (2 \u00e0 3 %)\u00a0<\/li>\n<\/ul>\n\n\n\n<ul class=\"wp-block-list\">\n<li>Conformit\u00e9 aux <strong>normes environnementales (RE2020)<\/strong> = \u00e9conomies d\u2019\u00e9nergie\u00a0<\/li>\n<\/ul>\n\n\n\n<ul class=\"wp-block-list\">\n<li>Exon\u00e9ration partielle de taxe fonci\u00e8re (dans certaines zones)\u00a0<\/li>\n<\/ul>\n\n\n\n<ul class=\"wp-block-list\">\n<li>Aucun travaux \u00e0 pr\u00e9voir\u00a0<\/li>\n<\/ul>\n\n\n\n<ul class=\"wp-block-list\">\n<li>Garanties constructeur (d\u00e9cennale, biennale, parfait ach\u00e8vement)\u00a0<\/li>\n<\/ul>\n\n\n\n<p>Dans un march\u00e9 encore incertain, le <strong>neuf apporte stabilit\u00e9, confort et s\u00e9r\u00e9nit\u00e9<\/strong>, id\u00e9al pour d\u00e9buter dans la propri\u00e9t\u00e9.&nbsp;<\/p>\n\n\n\n<h2 class=\"wp-block-heading\"><strong>Domis Montpellier, partenaire de votre parcours d\u2019achat<\/strong>&nbsp;<\/h2>\n\n\n\n<p>Chez <strong>Domis Montpellier<\/strong>, nous suivons de pr\u00e8s toutes les \u00e9volutions du march\u00e9 et des dispositifs d\u2019aide \u00e0 l\u2019achat. Si nous ne proposons pas directement de solutions de financement, nous pouvons vous <strong>orienter efficacement vers les bons interlocuteurs<\/strong>, gr\u00e2ce \u00e0 notre <strong>veille constante sur l\u2019actualit\u00e9 immobili\u00e8re<\/strong>.&nbsp;<\/p>\n\n\n\n<p>Nos expertises :&nbsp;<\/p>\n\n\n\n<ul class=\"wp-block-list\">\n<li><strong>Syndic de copropri\u00e9t\u00e9<\/strong>\u00a0<\/li>\n<\/ul>\n\n\n\n<ul class=\"wp-block-list\">\n<li><strong>Gestion locative<\/strong>\u00a0<\/li>\n<\/ul>\n\n\n\n<ul class=\"wp-block-list\">\n<li><strong>Transaction immobili\u00e8re<\/strong>\u00a0<\/li>\n<\/ul>\n\n\n\n<ul class=\"wp-block-list\">\n<li><strong>Investissement locatif<\/strong>\u00a0<\/li>\n<\/ul>\n\n\n\n<p>Nous accueillons chaque jour des acheteurs (primo-acc\u00e9dants ou non), vendeurs, investisseurs, propri\u00e9taires et locataires pour les accompagner avec s\u00e9rieux, proximit\u00e9 et transparence dans leur projet immobilier.\u00a0<\/p>\n\n\n\n<h2 class=\"wp-block-heading\"><strong>Ce qu\u2019il faut retenir<\/strong>&nbsp;<\/h2>\n\n\n\n<p>Apr\u00e8s une p\u00e9riode d\u2019incertitude, <strong>2024 a marqu\u00e9 le retour d\u2019un march\u00e9 plus \u00e9quilibr\u00e9<\/strong>. En 2025, l\u2019<strong>immobilier reprend des couleurs<\/strong>, notamment gr\u00e2ce \u00e0 une g\u00e9n\u00e9ration de <strong>primo-acc\u00e9dants bien accompagn\u00e9s et mieux outill\u00e9s<\/strong>.&nbsp;<\/p>\n\n\n\n<p>&nbsp;<strong>Domis Montpellier<\/strong> est fier de contribuer \u00e0 cette dynamique en mettant \u00e0 votre service son expertise locale, sa connaissance fine du march\u00e9 et son engagement de proximit\u00e9.&nbsp;<\/p>\n\n\n\n<p>Vous \u00eates primo-acc\u00e9dant \u00e0 Montpellier ou dans l\u2019H\u00e9rault ? <strong>Contactez-nous<\/strong> pour parler de votre projet et d\u00e9couvrir les opportunit\u00e9s actuelles.&nbsp;<\/p>\n\n\n\n<p>Nos programmes neufs : <a href=\"https:\/\/www.domis.com\/fr\/liste_neuf.htm#TypeModeListeForm=text \">https:\/\/www.domis.com\/fr\/liste_neuf.htm#TypeModeListeForm=text <\/a><\/p>\n\n\n\n<p><\/p>\n","protected":false},"excerpt":{"rendered":"<p>Apr\u00e8s une ann\u00e9e 2023 difficile, le march\u00e9 immobilier a amorc\u00e9 un redressement progressif d\u00e8s 2024, confirm\u00e9 en 2025. Si la dynamique reste encore contrast\u00e9e selon les segments, une chose est s\u00fbre : le r\u00f4le des primo-acc\u00e9dants n\u2019a jamais \u00e9t\u00e9 aussi crucial. En b\u00e9n\u00e9ficiant de nouvelles aides et de conditions d\u2019acc\u00e8s au cr\u00e9dit plus favorables, ils&#8230;  <a class=\"excerpt-read-more\" href=\"https:\/\/www.domis.com\/blog\/index.php\/2025\/06\/24\/immobilier-2024-2025-la-reprise-sinstalle-portee-par-les-primo-accedants\/\" title=\"LireImmobilier : 2025, la reprise s\u2019installe&#8230; port\u00e9e par les primo-acc\u00e9dants !\u00a0\">Lire la suite &raquo;<\/a><\/p>\n","protected":false},"author":2,"featured_media":131,"comment_status":"closed","ping_status":"open","sticky":false,"template":"","format":"standard","meta":{"footnotes":""},"categories":[1],"tags":[2,6,5,4],"class_list":["post-130","post","type-post","status-publish","format-standard","has-post-thumbnail","hentry","category-non-classe","tag-achat-appartement-montpellier","tag-agence-immobiliere-montpellier","tag-appartement-montpellier","tag-primo-accedant-achat-montpellier"],"yoast_head":"<!-- This site is optimized with the Yoast SEO plugin v27.5 - https:\/\/yoast.com\/product\/yoast-seo-wordpress\/ -->\n<title>Immobilier : 2025, la reprise s\u2019installe... port\u00e9e par les primo-acc\u00e9dants !\u00a0 - Blog Domis.com<\/title>\n<meta name=\"description\" content=\"Le r\u00f4le des primo-acc\u00e9dants, gr\u00e2ce aux dispositifs fiscaux, n\u2019a jamais \u00e9t\u00e9 aussi crucial dans la reprise du march\u00e9 l&#039;immobilier en 2025.\" \/>\n<meta name=\"robots\" content=\"index, follow, max-snippet:-1, max-image-preview:large, max-video-preview:-1\" \/>\n<link rel=\"canonical\" href=\"https:\/\/www.domis.com\/blog\/index.php\/2025\/06\/24\/immobilier-2024-2025-la-reprise-sinstalle-portee-par-les-primo-accedants\/\" \/>\n<meta property=\"og:locale\" content=\"fr_FR\" \/>\n<meta property=\"og:type\" content=\"article\" \/>\n<meta property=\"og:title\" content=\"Immobilier : 2025, la reprise s\u2019installe... port\u00e9e par les primo-acc\u00e9dants !\u00a0 - Blog Domis.com\" \/>\n<meta property=\"og:description\" content=\"Le r\u00f4le des primo-acc\u00e9dants, gr\u00e2ce aux dispositifs fiscaux, n\u2019a jamais \u00e9t\u00e9 aussi crucial dans la reprise du march\u00e9 l&#039;immobilier en 2025.\" \/>\n<meta property=\"og:url\" content=\"https:\/\/www.domis.com\/blog\/index.php\/2025\/06\/24\/immobilier-2024-2025-la-reprise-sinstalle-portee-par-les-primo-accedants\/\" \/>\n<meta property=\"og:site_name\" content=\"Blog Domis.com\" \/>\n<meta property=\"article:published_time\" content=\"2025-06-24T09:40:11+00:00\" \/>\n<meta property=\"article:modified_time\" content=\"2025-06-24T13:25:51+00:00\" \/>\n<meta property=\"og:image\" content=\"https:\/\/www.domis.com\/blog\/wp-content\/uploads\/2025\/06\/1-1024x576.png\" \/>\n\t<meta property=\"og:image:width\" content=\"1024\" \/>\n\t<meta property=\"og:image:height\" content=\"576\" \/>\n\t<meta property=\"og:image:type\" content=\"image\/png\" \/>\n<meta name=\"author\" content=\"Oph\u00e9lie Thiberge\" \/>\n<meta name=\"twitter:card\" content=\"summary_large_image\" \/>\n<meta name=\"twitter:label1\" content=\"\u00c9crit par\" \/>\n\t<meta name=\"twitter:data1\" content=\"Oph\u00e9lie Thiberge\" \/>\n\t<meta name=\"twitter:label2\" content=\"Dur\u00e9e de lecture estim\u00e9e\" \/>\n\t<meta name=\"twitter:data2\" content=\"4 minutes\" \/>\n<script type=\"application\/ld+json\" class=\"yoast-schema-graph\">{\"@context\":\"https:\\\/\\\/schema.org\",\"@graph\":[{\"@type\":\"Article\",\"@id\":\"https:\\\/\\\/www.domis.com\\\/blog\\\/index.php\\\/2025\\\/06\\\/24\\\/immobilier-2024-2025-la-reprise-sinstalle-portee-par-les-primo-accedants\\\/#article\",\"isPartOf\":{\"@id\":\"https:\\\/\\\/www.domis.com\\\/blog\\\/index.php\\\/2025\\\/06\\\/24\\\/immobilier-2024-2025-la-reprise-sinstalle-portee-par-les-primo-accedants\\\/\"},\"author\":{\"name\":\"Oph\u00e9lie Thiberge\",\"@id\":\"https:\\\/\\\/www.domis.com\\\/blog\\\/#\\\/schema\\\/person\\\/f636337584a177b194bdfbd2c8ae3045\"},\"headline\":\"Immobilier : 2025, la reprise s\u2019installe&#8230; port\u00e9e par les primo-acc\u00e9dants !\u00a0\",\"datePublished\":\"2025-06-24T09:40:11+00:00\",\"dateModified\":\"2025-06-24T13:25:51+00:00\",\"mainEntityOfPage\":{\"@id\":\"https:\\\/\\\/www.domis.com\\\/blog\\\/index.php\\\/2025\\\/06\\\/24\\\/immobilier-2024-2025-la-reprise-sinstalle-portee-par-les-primo-accedants\\\/\"},\"wordCount\":644,\"image\":{\"@id\":\"https:\\\/\\\/www.domis.com\\\/blog\\\/index.php\\\/2025\\\/06\\\/24\\\/immobilier-2024-2025-la-reprise-sinstalle-portee-par-les-primo-accedants\\\/#primaryimage\"},\"thumbnailUrl\":\"https:\\\/\\\/www.domis.com\\\/blog\\\/wp-content\\\/uploads\\\/2025\\\/06\\\/1.png\",\"keywords\":[\"Achat appartement Montpellier\",\"Agence immobili\u00e8re Montpellier\",\"Appartement Montpellier\",\"Primo-acc\u00e9dant achat Montpellier\"],\"inLanguage\":\"fr-FR\"},{\"@type\":\"WebPage\",\"@id\":\"https:\\\/\\\/www.domis.com\\\/blog\\\/index.php\\\/2025\\\/06\\\/24\\\/immobilier-2024-2025-la-reprise-sinstalle-portee-par-les-primo-accedants\\\/\",\"url\":\"https:\\\/\\\/www.domis.com\\\/blog\\\/index.php\\\/2025\\\/06\\\/24\\\/immobilier-2024-2025-la-reprise-sinstalle-portee-par-les-primo-accedants\\\/\",\"name\":\"Immobilier : 2025, la reprise s\u2019installe... port\u00e9e par les primo-acc\u00e9dants !\u00a0 - Blog Domis.com\",\"isPartOf\":{\"@id\":\"https:\\\/\\\/www.domis.com\\\/blog\\\/#website\"},\"primaryImageOfPage\":{\"@id\":\"https:\\\/\\\/www.domis.com\\\/blog\\\/index.php\\\/2025\\\/06\\\/24\\\/immobilier-2024-2025-la-reprise-sinstalle-portee-par-les-primo-accedants\\\/#primaryimage\"},\"image\":{\"@id\":\"https:\\\/\\\/www.domis.com\\\/blog\\\/index.php\\\/2025\\\/06\\\/24\\\/immobilier-2024-2025-la-reprise-sinstalle-portee-par-les-primo-accedants\\\/#primaryimage\"},\"thumbnailUrl\":\"https:\\\/\\\/www.domis.com\\\/blog\\\/wp-content\\\/uploads\\\/2025\\\/06\\\/1.png\",\"datePublished\":\"2025-06-24T09:40:11+00:00\",\"dateModified\":\"2025-06-24T13:25:51+00:00\",\"author\":{\"@id\":\"https:\\\/\\\/www.domis.com\\\/blog\\\/#\\\/schema\\\/person\\\/f636337584a177b194bdfbd2c8ae3045\"},\"description\":\"Le r\u00f4le des primo-acc\u00e9dants, gr\u00e2ce aux dispositifs fiscaux, n\u2019a jamais \u00e9t\u00e9 aussi crucial dans la reprise du march\u00e9 l'immobilier en 2025.\",\"breadcrumb\":{\"@id\":\"https:\\\/\\\/www.domis.com\\\/blog\\\/index.php\\\/2025\\\/06\\\/24\\\/immobilier-2024-2025-la-reprise-sinstalle-portee-par-les-primo-accedants\\\/#breadcrumb\"},\"inLanguage\":\"fr-FR\",\"potentialAction\":[{\"@type\":\"ReadAction\",\"target\":[\"https:\\\/\\\/www.domis.com\\\/blog\\\/index.php\\\/2025\\\/06\\\/24\\\/immobilier-2024-2025-la-reprise-sinstalle-portee-par-les-primo-accedants\\\/\"]}]},{\"@type\":\"ImageObject\",\"inLanguage\":\"fr-FR\",\"@id\":\"https:\\\/\\\/www.domis.com\\\/blog\\\/index.php\\\/2025\\\/06\\\/24\\\/immobilier-2024-2025-la-reprise-sinstalle-portee-par-les-primo-accedants\\\/#primaryimage\",\"url\":\"https:\\\/\\\/www.domis.com\\\/blog\\\/wp-content\\\/uploads\\\/2025\\\/06\\\/1.png\",\"contentUrl\":\"https:\\\/\\\/www.domis.com\\\/blog\\\/wp-content\\\/uploads\\\/2025\\\/06\\\/1.png\",\"width\":1920,\"height\":1080,\"caption\":\"Primo-acc\u00e9dants, achat appartement neuf Montpellier\"},{\"@type\":\"BreadcrumbList\",\"@id\":\"https:\\\/\\\/www.domis.com\\\/blog\\\/index.php\\\/2025\\\/06\\\/24\\\/immobilier-2024-2025-la-reprise-sinstalle-portee-par-les-primo-accedants\\\/#breadcrumb\",\"itemListElement\":[{\"@type\":\"ListItem\",\"position\":1,\"name\":\"Accueil\",\"item\":\"https:\\\/\\\/www.domis.com\\\/blog\\\/\"},{\"@type\":\"ListItem\",\"position\":2,\"name\":\"Immobilier : 2025, la reprise s\u2019installe&#8230; port\u00e9e par les primo-acc\u00e9dants !\u00a0\"}]},{\"@type\":\"WebSite\",\"@id\":\"https:\\\/\\\/www.domis.com\\\/blog\\\/#website\",\"url\":\"https:\\\/\\\/www.domis.com\\\/blog\\\/\",\"name\":\"Blog Domis.com\",\"description\":\"Domis Montpellier Immobilier\",\"potentialAction\":[{\"@type\":\"SearchAction\",\"target\":{\"@type\":\"EntryPoint\",\"urlTemplate\":\"https:\\\/\\\/www.domis.com\\\/blog\\\/?s={search_term_string}\"},\"query-input\":{\"@type\":\"PropertyValueSpecification\",\"valueRequired\":true,\"valueName\":\"search_term_string\"}}],\"inLanguage\":\"fr-FR\"},{\"@type\":\"Person\",\"@id\":\"https:\\\/\\\/www.domis.com\\\/blog\\\/#\\\/schema\\\/person\\\/f636337584a177b194bdfbd2c8ae3045\",\"name\":\"Oph\u00e9lie Thiberge\",\"image\":{\"@type\":\"ImageObject\",\"inLanguage\":\"fr-FR\",\"@id\":\"https:\\\/\\\/secure.gravatar.com\\\/avatar\\\/6832db61a13cdecb20c1f67206125e4c03168d75f5784a8919dc2be42e2b6157?s=96&d=mm&r=g\",\"url\":\"https:\\\/\\\/secure.gravatar.com\\\/avatar\\\/6832db61a13cdecb20c1f67206125e4c03168d75f5784a8919dc2be42e2b6157?s=96&d=mm&r=g\",\"contentUrl\":\"https:\\\/\\\/secure.gravatar.com\\\/avatar\\\/6832db61a13cdecb20c1f67206125e4c03168d75f5784a8919dc2be42e2b6157?s=96&d=mm&r=g\",\"caption\":\"Oph\u00e9lie Thiberge\"},\"url\":\"https:\\\/\\\/www.domis.com\\\/blog\\\/index.php\\\/author\\\/ophelie-thiberge\\\/\"}]}<\/script>\n<!-- \/ Yoast SEO plugin. -->","yoast_head_json":{"title":"Immobilier : 2025, la reprise s\u2019installe... port\u00e9e par les primo-acc\u00e9dants !\u00a0 - Blog Domis.com","description":"Le r\u00f4le des primo-acc\u00e9dants, gr\u00e2ce aux dispositifs fiscaux, n\u2019a jamais \u00e9t\u00e9 aussi crucial dans la reprise du march\u00e9 l'immobilier en 2025.","robots":{"index":"index","follow":"follow","max-snippet":"max-snippet:-1","max-image-preview":"max-image-preview:large","max-video-preview":"max-video-preview:-1"},"canonical":"https:\/\/www.domis.com\/blog\/index.php\/2025\/06\/24\/immobilier-2024-2025-la-reprise-sinstalle-portee-par-les-primo-accedants\/","og_locale":"fr_FR","og_type":"article","og_title":"Immobilier : 2025, la reprise s\u2019installe... port\u00e9e par les primo-acc\u00e9dants !\u00a0 - Blog Domis.com","og_description":"Le r\u00f4le des primo-acc\u00e9dants, gr\u00e2ce aux dispositifs fiscaux, n\u2019a jamais \u00e9t\u00e9 aussi crucial dans la reprise du march\u00e9 l'immobilier en 2025.","og_url":"https:\/\/www.domis.com\/blog\/index.php\/2025\/06\/24\/immobilier-2024-2025-la-reprise-sinstalle-portee-par-les-primo-accedants\/","og_site_name":"Blog Domis.com","article_published_time":"2025-06-24T09:40:11+00:00","article_modified_time":"2025-06-24T13:25:51+00:00","og_image":[{"width":1024,"height":576,"url":"https:\/\/www.domis.com\/blog\/wp-content\/uploads\/2025\/06\/1-1024x576.png","type":"image\/png"}],"author":"Oph\u00e9lie Thiberge","twitter_card":"summary_large_image","twitter_misc":{"\u00c9crit par":"Oph\u00e9lie Thiberge","Dur\u00e9e de lecture estim\u00e9e":"4 minutes"},"schema":{"@context":"https:\/\/schema.org","@graph":[{"@type":"Article","@id":"https:\/\/www.domis.com\/blog\/index.php\/2025\/06\/24\/immobilier-2024-2025-la-reprise-sinstalle-portee-par-les-primo-accedants\/#article","isPartOf":{"@id":"https:\/\/www.domis.com\/blog\/index.php\/2025\/06\/24\/immobilier-2024-2025-la-reprise-sinstalle-portee-par-les-primo-accedants\/"},"author":{"name":"Oph\u00e9lie Thiberge","@id":"https:\/\/www.domis.com\/blog\/#\/schema\/person\/f636337584a177b194bdfbd2c8ae3045"},"headline":"Immobilier : 2025, la reprise s\u2019installe&#8230; port\u00e9e par les primo-acc\u00e9dants !\u00a0","datePublished":"2025-06-24T09:40:11+00:00","dateModified":"2025-06-24T13:25:51+00:00","mainEntityOfPage":{"@id":"https:\/\/www.domis.com\/blog\/index.php\/2025\/06\/24\/immobilier-2024-2025-la-reprise-sinstalle-portee-par-les-primo-accedants\/"},"wordCount":644,"image":{"@id":"https:\/\/www.domis.com\/blog\/index.php\/2025\/06\/24\/immobilier-2024-2025-la-reprise-sinstalle-portee-par-les-primo-accedants\/#primaryimage"},"thumbnailUrl":"https:\/\/www.domis.com\/blog\/wp-content\/uploads\/2025\/06\/1.png","keywords":["Achat appartement Montpellier","Agence immobili\u00e8re Montpellier","Appartement Montpellier","Primo-acc\u00e9dant achat Montpellier"],"inLanguage":"fr-FR"},{"@type":"WebPage","@id":"https:\/\/www.domis.com\/blog\/index.php\/2025\/06\/24\/immobilier-2024-2025-la-reprise-sinstalle-portee-par-les-primo-accedants\/","url":"https:\/\/www.domis.com\/blog\/index.php\/2025\/06\/24\/immobilier-2024-2025-la-reprise-sinstalle-portee-par-les-primo-accedants\/","name":"Immobilier : 2025, la reprise s\u2019installe... port\u00e9e par les primo-acc\u00e9dants !\u00a0 - Blog Domis.com","isPartOf":{"@id":"https:\/\/www.domis.com\/blog\/#website"},"primaryImageOfPage":{"@id":"https:\/\/www.domis.com\/blog\/index.php\/2025\/06\/24\/immobilier-2024-2025-la-reprise-sinstalle-portee-par-les-primo-accedants\/#primaryimage"},"image":{"@id":"https:\/\/www.domis.com\/blog\/index.php\/2025\/06\/24\/immobilier-2024-2025-la-reprise-sinstalle-portee-par-les-primo-accedants\/#primaryimage"},"thumbnailUrl":"https:\/\/www.domis.com\/blog\/wp-content\/uploads\/2025\/06\/1.png","datePublished":"2025-06-24T09:40:11+00:00","dateModified":"2025-06-24T13:25:51+00:00","author":{"@id":"https:\/\/www.domis.com\/blog\/#\/schema\/person\/f636337584a177b194bdfbd2c8ae3045"},"description":"Le r\u00f4le des primo-acc\u00e9dants, gr\u00e2ce aux dispositifs fiscaux, n\u2019a jamais \u00e9t\u00e9 aussi crucial dans la reprise du march\u00e9 l'immobilier en 2025.","breadcrumb":{"@id":"https:\/\/www.domis.com\/blog\/index.php\/2025\/06\/24\/immobilier-2024-2025-la-reprise-sinstalle-portee-par-les-primo-accedants\/#breadcrumb"},"inLanguage":"fr-FR","potentialAction":[{"@type":"ReadAction","target":["https:\/\/www.domis.com\/blog\/index.php\/2025\/06\/24\/immobilier-2024-2025-la-reprise-sinstalle-portee-par-les-primo-accedants\/"]}]},{"@type":"ImageObject","inLanguage":"fr-FR","@id":"https:\/\/www.domis.com\/blog\/index.php\/2025\/06\/24\/immobilier-2024-2025-la-reprise-sinstalle-portee-par-les-primo-accedants\/#primaryimage","url":"https:\/\/www.domis.com\/blog\/wp-content\/uploads\/2025\/06\/1.png","contentUrl":"https:\/\/www.domis.com\/blog\/wp-content\/uploads\/2025\/06\/1.png","width":1920,"height":1080,"caption":"Primo-acc\u00e9dants, achat appartement neuf Montpellier"},{"@type":"BreadcrumbList","@id":"https:\/\/www.domis.com\/blog\/index.php\/2025\/06\/24\/immobilier-2024-2025-la-reprise-sinstalle-portee-par-les-primo-accedants\/#breadcrumb","itemListElement":[{"@type":"ListItem","position":1,"name":"Accueil","item":"https:\/\/www.domis.com\/blog\/"},{"@type":"ListItem","position":2,"name":"Immobilier : 2025, la reprise s\u2019installe&#8230; port\u00e9e par les primo-acc\u00e9dants !\u00a0"}]},{"@type":"WebSite","@id":"https:\/\/www.domis.com\/blog\/#website","url":"https:\/\/www.domis.com\/blog\/","name":"Blog Domis.com","description":"Domis Montpellier Immobilier","potentialAction":[{"@type":"SearchAction","target":{"@type":"EntryPoint","urlTemplate":"https:\/\/www.domis.com\/blog\/?s={search_term_string}"},"query-input":{"@type":"PropertyValueSpecification","valueRequired":true,"valueName":"search_term_string"}}],"inLanguage":"fr-FR"},{"@type":"Person","@id":"https:\/\/www.domis.com\/blog\/#\/schema\/person\/f636337584a177b194bdfbd2c8ae3045","name":"Oph\u00e9lie Thiberge","image":{"@type":"ImageObject","inLanguage":"fr-FR","@id":"https:\/\/secure.gravatar.com\/avatar\/6832db61a13cdecb20c1f67206125e4c03168d75f5784a8919dc2be42e2b6157?s=96&d=mm&r=g","url":"https:\/\/secure.gravatar.com\/avatar\/6832db61a13cdecb20c1f67206125e4c03168d75f5784a8919dc2be42e2b6157?s=96&d=mm&r=g","contentUrl":"https:\/\/secure.gravatar.com\/avatar\/6832db61a13cdecb20c1f67206125e4c03168d75f5784a8919dc2be42e2b6157?s=96&d=mm&r=g","caption":"Oph\u00e9lie Thiberge"},"url":"https:\/\/www.domis.com\/blog\/index.php\/author\/ophelie-thiberge\/"}]}},"_links":{"self":[{"href":"https:\/\/www.domis.com\/blog\/index.php\/wp-json\/wp\/v2\/posts\/130","targetHints":{"allow":["GET"]}}],"collection":[{"href":"https:\/\/www.domis.com\/blog\/index.php\/wp-json\/wp\/v2\/posts"}],"about":[{"href":"https:\/\/www.domis.com\/blog\/index.php\/wp-json\/wp\/v2\/types\/post"}],"author":[{"embeddable":true,"href":"https:\/\/www.domis.com\/blog\/index.php\/wp-json\/wp\/v2\/users\/2"}],"replies":[{"embeddable":true,"href":"https:\/\/www.domis.com\/blog\/index.php\/wp-json\/wp\/v2\/comments?post=130"}],"version-history":[{"count":2,"href":"https:\/\/www.domis.com\/blog\/index.php\/wp-json\/wp\/v2\/posts\/130\/revisions"}],"predecessor-version":[{"id":140,"href":"https:\/\/www.domis.com\/blog\/index.php\/wp-json\/wp\/v2\/posts\/130\/revisions\/140"}],"wp:featuredmedia":[{"embeddable":true,"href":"https:\/\/www.domis.com\/blog\/index.php\/wp-json\/wp\/v2\/media\/131"}],"wp:attachment":[{"href":"https:\/\/www.domis.com\/blog\/index.php\/wp-json\/wp\/v2\/media?parent=130"}],"wp:term":[{"taxonomy":"category","embeddable":true,"href":"https:\/\/www.domis.com\/blog\/index.php\/wp-json\/wp\/v2\/categories?post=130"},{"taxonomy":"post_tag","embeddable":true,"href":"https:\/\/www.domis.com\/blog\/index.php\/wp-json\/wp\/v2\/tags?post=130"}],"curies":[{"name":"wp","href":"https:\/\/api.w.org\/{rel}","templated":true}]}}